{"id":726,"date":"2016-09-23T08:18:30","date_gmt":"2016-09-23T06:18:30","guid":{"rendered":"http:\/\/localhost:8080\/?p=726"},"modified":"2016-09-23T08:30:56","modified_gmt":"2016-09-23T06:30:56","slug":"hoffest-2016","status":"publish","type":"post","link":"https:\/\/bioland-baumschule.de\/?p=726","title":{"rendered":"Hoffest 2016"},"content":{"rendered":"<p><img data-dominant-color=\"97a78b\" data-has-transparency=\"false\" style=\"--dominant-color: #97a78b;\" loading=\"lazy\" decoding=\"async\" class=\"not-transparent alignnone size-full wp-image-730\" src=\"https:\/\/bioland-baumschule.de\/wp-content\/uploads\/Flyer_Hoffest_2016_WEB_vorn.jpg\" alt=\"Flyer_Hoffest_2016_WEB_vorn\" width=\"595\" height=\"844\" \/> <img data-dominant-color=\"d1e2d5\" data-has-transparency=\"false\" style=\"--dominant-color: #d1e2d5;\" loading=\"lazy\" decoding=\"async\" class=\"not-transparent alignnone size-full wp-image-731\" src=\"https:\/\/bioland-baumschule.de\/wp-content\/uploads\/Flyer_Hoffest_2016_WEB_Programm.jpg\" alt=\"Flyer_Hoffest_2016_WEB_Programm\" width=\"595\" height=\"844\" \/><\/p>\n<p><img data-dominant-color=\"b6b8b4\" data-has-transparency=\"false\" style=\"--dominant-color: #b6b8b4;\" loading=\"lazy\" decoding=\"async\" class=\"not-transparent alignnone size-full wp-image-737\" src=\"https:\/\/bioland-baumschule.de\/wp-content\/uploads\/Zeitungsausschnitt_NWZ_Hoffest1.jpg\" alt=\"Zeitungsausschnitt_NWZ_Hoffest\" width=\"551\" height=\"610\" \/><\/p>\n<p>Liebe Garten, Natur und Kultur-Interessierte !<\/p>\n<p>&#8230; 33 Jahre Bio-Baumschule feiern wir mit euch am Sa. 24. &amp; So. 25. Sept. 2016.<\/p>\n<p>&#8230; ein regionaler Hofmarkt mit Erzeugern, K\u00fcnstlern, Naturschutzverb\u00e4nden und kreativen Kinder-Erlebnis-Spielen rundet neben der leckeren Bio-Bek\u00f6stigung und einer Saftpresse das Hoffest ab (siehe Anhang).<\/p>\n<p>&#8230; gleichzeitig ist es am Samstag\u00a0 die Abschlussveranstaltung der &#8222;Aktionstage \u00d6kolandbau 2016&#8220; auf der der Nieders\u00e4chsische Landwirtschaftsminister Christian Meyer Gru\u00dfworte spricht und die Pr\u00e4mierung des Fotowettbewerbes Aktionstage \u00d6kolandbau vornehmen wird.<\/p>\n<p>Willkommen !<\/p>\n<p>Aloys P\u00f6hler<\/p>\n<p>PS:\u00a0 Am Sa. von 13-18 Uhr k\u00f6nnt ihr hier einen kostenlosen Bodentest durchf\u00fchren lassen.<\/p>\n","protected":false},"excerpt":{"rendered":"<p>Liebe Garten, Natur und Kultur-Interessierte ! &#8230; 33 Jahre Bio-Baumschule feiern wir mit euch am [&hellip;]<\/p>\n","protected":false},"author":2,"featured_media":0,"comment_status":"closed","ping_status":"closed","sticky":false,"template":"","format":"standard","meta":{"footnotes":""},"categories":[1],"tags":[],"class_list":["post-726","post","type-post","status-publish","format-standard","hentry","category-allgemein"],"_links":{"self":[{"href":"https:\/\/bioland-baumschule.de\/index.php?rest_route=\/wp\/v2\/posts\/726","targetHints":{"allow":["GET"]}}],"collection":[{"href":"https:\/\/bioland-baumschule.de\/index.php?rest_route=\/wp\/v2\/posts"}],"about":[{"href":"https:\/\/bioland-baumschule.de\/index.php?rest_route=\/wp\/v2\/types\/post"}],"author":[{"embeddable":true,"href":"https:\/\/bioland-baumschule.de\/index.php?rest_route=\/wp\/v2\/users\/2"}],"replies":[{"embeddable":true,"href":"https:\/\/bioland-baumschule.de\/index.php?rest_route=%2Fwp%2Fv2%2Fcomments&post=726"}],"version-history":[{"count":8,"href":"https:\/\/bioland-baumschule.de\/index.php?rest_route=\/wp\/v2\/posts\/726\/revisions"}],"predecessor-version":[{"id":738,"href":"https:\/\/bioland-baumschule.de\/index.php?rest_route=\/wp\/v2\/posts\/726\/revisions\/738"}],"wp:attachment":[{"href":"https:\/\/bioland-baumschule.de\/index.php?rest_route=%2Fwp%2Fv2%2Fmedia&parent=726"}],"wp:term":[{"taxonomy":"category","embeddable":true,"href":"https:\/\/bioland-baumschule.de\/index.php?rest_route=%2Fwp%2Fv2%2Fcategories&post=726"},{"taxonomy":"post_tag","embeddable":true,"href":"https:\/\/bioland-baumschule.de\/index.php?rest_route=%2Fwp%2Fv2%2Ftags&post=726"}],"curies":[{"name":"wp","href":"https:\/\/api.w.org\/{rel}","templated":true}]}}