{"id":701,"date":"2015-12-07T10:50:22","date_gmt":"2015-12-07T08:50:22","guid":{"rendered":"http:\/\/localhost:8080\/?p=701"},"modified":"2015-12-07T10:51:58","modified_gmt":"2015-12-07T08:51:58","slug":"wege-die-zukunft-gestalten","status":"publish","type":"post","link":"https:\/\/bioland-baumschule.de\/?p=701","title":{"rendered":"\u201eWege, die Zukunft gestalten&#8220;"},"content":{"rendered":"<p>Liebe &#8222;H\u00f6ltis&#8220; &amp; &#8222;Exil-H\u00f6ltis&#8220; !<\/p>\n<p>Im Mai hatten wir unter dem Titel<br \/>\n<strong>\u201eWege, die Zukunft gestalten&#8220;<\/strong>\u00a0 hier im Kulturpavillon eine Diskussions-Veranstaltung mit den 4 &#8222;H\u00f6lker Jungs&#8220; Bernd Kalvelage, Reinhold Roski, Hans Thie und Aloys P\u00f6hler die unter der Moderation von Doris Ostendorf (VHS &#8211; CLP) ihre unterschiedlichen Wege seit ihrer Zeit in der Jugendgruppe H\u00f6ltinghausen in den 70er Jahren diskutierten.<\/p>\n<p>Es war eine anregende, kurzweilige Veranstaltung, die aufgezeichnet wurde.<\/p>\n<p>Diese <strong>Aufzeichnung<\/strong> zeigen wir am <strong>3. Weihnachtstag So. 27. Dez. um 17 Uhr<\/strong> f\u00fcr alle, die im Mai nicht dabei sein konnten (und auch f\u00fcr die, die es noch mal sehen m\u00f6chten)<br \/>\nim \u201eH\u00f6lker H\u00e4uhner Huus&#8220; in famili\u00e4rer \u201eH\u00f6lti-Runde&#8220;.<\/p>\n<p>Wer also dem famili\u00e4rem Weihnachtsfrieden entfliehen m\u00f6chten, findet hier in der &#8222;H\u00f6lti &#8211; Familie&#8220; Zuflucht.<\/p>\n<p>Eintritt frei und ohne Anmeldung!<\/p>\n<p>Lieben Gru\u00df!<\/p>\n<p>Aloys P\u00f6hler<\/p>\n<p>f\u00fcr den Kulturkreis \u201eH\u00f6ltinghausen und Umzu&#8220;<\/p>\n","protected":false},"excerpt":{"rendered":"<p>Liebe &#8222;H\u00f6ltis&#8220; &amp; &#8222;Exil-H\u00f6ltis&#8220; ! Im Mai hatten wir unter dem Titel \u201eWege, die Zukunft [&hellip;]<\/p>\n","protected":false},"author":2,"featured_media":0,"comment_status":"closed","ping_status":"closed","sticky":false,"template":"","format":"standard","meta":{"footnotes":""},"categories":[1],"tags":[],"class_list":["post-701","post","type-post","status-publish","format-standard","hentry","category-allgemein"],"_links":{"self":[{"href":"https:\/\/bioland-baumschule.de\/index.php?rest_route=\/wp\/v2\/posts\/701","targetHints":{"allow":["GET"]}}],"collection":[{"href":"https:\/\/bioland-baumschule.de\/index.php?rest_route=\/wp\/v2\/posts"}],"about":[{"href":"https:\/\/bioland-baumschule.de\/index.php?rest_route=\/wp\/v2\/types\/post"}],"author":[{"embeddable":true,"href":"https:\/\/bioland-baumschule.de\/index.php?rest_route=\/wp\/v2\/users\/2"}],"replies":[{"embeddable":true,"href":"https:\/\/bioland-baumschule.de\/index.php?rest_route=%2Fwp%2Fv2%2Fcomments&post=701"}],"version-history":[{"count":3,"href":"https:\/\/bioland-baumschule.de\/index.php?rest_route=\/wp\/v2\/posts\/701\/revisions"}],"predecessor-version":[{"id":704,"href":"https:\/\/bioland-baumschule.de\/index.php?rest_route=\/wp\/v2\/posts\/701\/revisions\/704"}],"wp:attachment":[{"href":"https:\/\/bioland-baumschule.de\/index.php?rest_route=%2Fwp%2Fv2%2Fmedia&parent=701"}],"wp:term":[{"taxonomy":"category","embeddable":true,"href":"https:\/\/bioland-baumschule.de\/index.php?rest_route=%2Fwp%2Fv2%2Fcategories&post=701"},{"taxonomy":"post_tag","embeddable":true,"href":"https:\/\/bioland-baumschule.de\/index.php?rest_route=%2Fwp%2Fv2%2Ftags&post=701"}],"curies":[{"name":"wp","href":"https:\/\/api.w.org\/{rel}","templated":true}]}}